{"id":1889,"date":"2009-07-29T04:30:44","date_gmt":"2009-07-29T04:30:44","guid":{"rendered":"https:\/\/banjalukasport.com\/?p=1889"},"modified":"2009-07-29T04:30:44","modified_gmt":"2009-07-29T04:30:44","slug":"ko%c2%a9arka-otisao-fekete","status":"publish","type":"post","link":"https:\/\/banjalukasport.com\/?p=1889","title":{"rendered":"KO\u00a9ARKA: Oti\u0161ao Fekete"},"content":{"rendered":"<p><img loading=\"lazy\" decoding=\"async\" width=\"120\" height=\"90\" align=\"left\" src=\"\/wp-content\/uploads\/articles_images\/20090729133044365_1.jpg\" alt=\"\"> Dok druge ko\u0161arka\u0161ke ekipe polako sklapaju ekipe za novu sezonu u Borac Nektaru nisu se pomjerili s mrtve ta\u010dke i veliko je pitanje s kakvim \u0107e sastavom do\u010dekati novu sezonu. Stefan Fekete koji je odigrao veoma dobro Ligu 8 pre\u0161ao je u Igokeu. Filip Adamovi\u0107 je oti\u0161ao u tuzlasnku Slobodu, a u Mladost MG vratili su se \u0111uranovi\u0107 i Palali\u0107. <\/p>\n<p>U banjalu\u010dki klub jo\u0161 niko nije do\u0161ao. Rukometa\u0161i Borca pripremaju se za po\u010detak nove sezone u kojoj Banjalu\u010dani ciljaju vrh Premijer lige BiH i barem plasman u finale Kupa BiH. Uz to rukometa\u0161e Borca o\u010dekuju i nastupi u Kupu EHF.<\/p>\n","protected":false},"excerpt":{"rendered":"<p><img loading=\"lazy\" decoding=\"async\" width=\"120\" height=\"90\" align=\"left\" src=\"\/wp-content\/uploads\/articles_images\/20090729133044365_1.jpg\" alt=\"\"> Dok druge ko\u0161arka\u0161ke ekipe polako sklapaju ekipe za novu sezonu u Borac Nektaru nisu se pomjerili s mrtve ta\u010dke i veliko je pitanje s kakvim \u0107e sastavom do\u010dekati novu sezonu.<\/p>\n","protected":false},"author":74,"featured_media":0,"comment_status":"open","ping_status":"open","sticky":false,"template":"","format":"standard","meta":{"ngg_post_thumbnail":0,"footnotes":""},"categories":[7],"tags":[],"class_list":["post-1889","post","type-post","status-publish","format-standard","hentry","category-arhiv"],"_links":{"self":[{"href":"https:\/\/banjalukasport.com\/index.php?rest_route=\/wp\/v2\/posts\/1889","targetHints":{"allow":["GET"]}}],"collection":[{"href":"https:\/\/banjalukasport.com\/index.php?rest_route=\/wp\/v2\/posts"}],"about":[{"href":"https:\/\/banjalukasport.com\/index.php?rest_route=\/wp\/v2\/types\/post"}],"author":[{"embeddable":true,"href":"https:\/\/banjalukasport.com\/index.php?rest_route=\/wp\/v2\/users\/74"}],"replies":[{"embeddable":true,"href":"https:\/\/banjalukasport.com\/index.php?rest_route=%2Fwp%2Fv2%2Fcomments&post=1889"}],"version-history":[{"count":0,"href":"https:\/\/banjalukasport.com\/index.php?rest_route=\/wp\/v2\/posts\/1889\/revisions"}],"wp:attachment":[{"href":"https:\/\/banjalukasport.com\/index.php?rest_route=%2Fwp%2Fv2%2Fmedia&parent=1889"}],"wp:term":[{"taxonomy":"category","embeddable":true,"href":"https:\/\/banjalukasport.com\/index.php?rest_route=%2Fwp%2Fv2%2Fcategories&post=1889"},{"taxonomy":"post_tag","embeddable":true,"href":"https:\/\/banjalukasport.com\/index.php?rest_route=%2Fwp%2Fv2%2Ftags&post=1889"}],"curies":[{"name":"wp","href":"https:\/\/api.w.org\/{rel}","templated":true}]}}