{"id":1886,"date":"2009-07-29T04:24:10","date_gmt":"2009-07-29T04:24:10","guid":{"rendered":"https:\/\/banjalukasport.com\/?p=1886"},"modified":"2009-07-29T04:24:10","modified_gmt":"2009-07-29T04:24:10","slug":"boks-anton-josipovic-novi-selektor-bih","status":"publish","type":"post","link":"https:\/\/banjalukasport.com\/?p=1886","title":{"rendered":"BOKS: Anton Josipovi\u0107 novi selektor BiH"},"content":{"rendered":"<p><img loading=\"lazy\" decoding=\"async\" width=\"63\" height=\"120\" align=\"left\" src=\"\/wp-content\/uploads\/articles_images\/20090729132410435_1.jpg\" alt=\"\"> Anton Josipovi\u0107 novi je selektor bokserske reprezentacije Bosne i Hercegovine, odlu\u010dio je Upravni odbor Bokserskog saveza BiH. Josipovi\u0107 \u0107e na selektorskoj funkciji zamijeniti smijenjenog Hamida Gusku. Nekada\u0161nji olimpijski \u0161ampion obe\u0107ao je da jedini kriterijum za uvr\u0161tavanje u reprezentaciju biti samo kvalitet.<\/p>\n<p>Josipovi\u0107 ka\u017ee da \u0107e poku\u0161ati da vrati fer plej u boks, da \u0107e sprije\u010diti daljnja &amp;#8222;\u0161vercovanja&amp;#8220; takmi\u010dara koji to kvalitetom ne zaslu\u017euju. Ne isklju\u010duje ni mogu\u0107nost izbornih me\u010deva jer je to, kako ka\u017ee Josipovi\u0107, najpo\u0161tenije.<\/p>\n<p>Anton Josipovi\u0107 predvodi\u0107e reprezentaciju BiH na Svjetskom prvenstvu u Milanu. Pozivu u selekciju nadaju se i \u010dlanovi Slavije Darko Ku\u010duk i Predrag Kova\u010devi\u0107 koji su, iako su \u0161ampioni BiH u svojim kategorijama, izostavljeni sa spiska reprezentativac. Umjesto njih pozvani su Bo\u0161njak i Vidi\u0107.<\/p>\n<p>Promovisan je i novi selektor omladinske reprezentacije BiH. To je Mirko Savkovi\u0107 koji \u0107e predvoditi selekciju na prvenstvu Evrope u Poljskoj od 14. do 23. avgusta. <\/p>\n","protected":false},"excerpt":{"rendered":"<p><img loading=\"lazy\" decoding=\"async\" width=\"63\" height=\"120\" align=\"left\" src=\"\/wp-content\/uploads\/articles_images\/20090729132410435_1.jpg\" alt=\"\"> Anton Josipovi\u0107 novi je selektor bokserske reprezentacije Bosne i Hercegovine, odlu\u010dio je Upravni odbor Bokserskog saveza BiH.<\/p>\n","protected":false},"author":74,"featured_media":0,"comment_status":"open","ping_status":"open","sticky":false,"template":"","format":"standard","meta":{"ngg_post_thumbnail":0,"footnotes":""},"categories":[7],"tags":[],"class_list":["post-1886","post","type-post","status-publish","format-standard","hentry","category-arhiv"],"_links":{"self":[{"href":"https:\/\/banjalukasport.com\/index.php?rest_route=\/wp\/v2\/posts\/1886","targetHints":{"allow":["GET"]}}],"collection":[{"href":"https:\/\/banjalukasport.com\/index.php?rest_route=\/wp\/v2\/posts"}],"about":[{"href":"https:\/\/banjalukasport.com\/index.php?rest_route=\/wp\/v2\/types\/post"}],"author":[{"embeddable":true,"href":"https:\/\/banjalukasport.com\/index.php?rest_route=\/wp\/v2\/users\/74"}],"replies":[{"embeddable":true,"href":"https:\/\/banjalukasport.com\/index.php?rest_route=%2Fwp%2Fv2%2Fcomments&post=1886"}],"version-history":[{"count":0,"href":"https:\/\/banjalukasport.com\/index.php?rest_route=\/wp\/v2\/posts\/1886\/revisions"}],"wp:attachment":[{"href":"https:\/\/banjalukasport.com\/index.php?rest_route=%2Fwp%2Fv2%2Fmedia&parent=1886"}],"wp:term":[{"taxonomy":"category","embeddable":true,"href":"https:\/\/banjalukasport.com\/index.php?rest_route=%2Fwp%2Fv2%2Fcategories&post=1886"},{"taxonomy":"post_tag","embeddable":true,"href":"https:\/\/banjalukasport.com\/index.php?rest_route=%2Fwp%2Fv2%2Ftags&post=1886"}],"curies":[{"name":"wp","href":"https:\/\/api.w.org\/{rel}","templated":true}]}}