{"id":1876,"date":"2009-08-06T09:06:46","date_gmt":"2009-08-06T09:06:46","guid":{"rendered":"https:\/\/banjalukasport.com\/?p=1876"},"modified":"2009-08-06T09:06:46","modified_gmt":"2009-08-06T09:06:46","slug":"fudbal-turnir-povodom-80-godina-fk-%c2%aeeljeznicar","status":"publish","type":"post","link":"https:\/\/banjalukasport.com\/?p=1876","title":{"rendered":"FUDBAL: Turnir povodom 80 godina FK \u00aeeljezni\u010dar"},"content":{"rendered":"<p> <img loading=\"lazy\" decoding=\"async\" width=\"136\" height=\"103\" align=\"left\" src=\"\/wp-content\/uploads\/articles_images\/20090806180646897_1.jpg\" alt=\"\"> U subotu i nedjelju (8. i 9. avgusta) banjolu\u010dki \u00aeeljezni\u010dar, najstariji klub u gradu (osnovan 1924, dok je mnogo poznatiji Borac formiran dvije godine kasnije), organizuje turnir povodom osam i po decenija uspje\u0161nog rada. Pored slavljenika, na ovoj fudbalskoj smotri u\u010destvova\u0107e i dva drugoliga\u0161a Republike Srpske, dobojski \u00aeeljezni\u010dar i br\u010danska Lokomotiva, dok \u010detvrta ekipa sti\u017ee iz Srbije, Mladost iz Vrbasa<\/p>\n<p>&#8211; Sve ekipe potvrdile su dolazak i sad privodimo kraju organizacione pripreme. Posla je zaista mnogo, ali ne sumnjam da \u0107emo sve uspje\u0161no obaviti i da \u0107emo se u pravom svjetlu predstaviti kao doma\u0107ini. Na na\u0161e ro\u0111endansko slavlje dolaze nam mnogi gosti, kako iz Grada, tako iz Fudbalskog saveza RS, Podru\u010dnog i Gradskog saveza Banja Luke, kao i na\u0161i brojni sportski prijatelji &#8211; rije\u010di su Radovana Dani\u010di\u0107a, predsjednika kluba, koji brine u svakom detalju organizacije turnira.<\/p>\n<p>Iako jubilej dolazi u nezgodan \u010das, kad kriza poga\u0111a sve, a pogotovo sportske kolektive, zvani\u010dnici \u00aeeljezni\u010dara \u010dine ogromne napore kako bi uspjeli pokriti sve tro\u0161kove.<\/p>\n<p>&#8211; I mi smo se uklopili u ovo vrijeme, sveli smo tro\u0161kove na one najminimalnije. Znamo da je te\u0161ka situacija u dru\u0161tvu i sportu, ali mislim da mi u klubu nikom ne bismo mogli objasniti da zbog toga nismo proslavili 85. ro\u0111endan. Zaslu\u017eio je &quot;\u00aeeljo&quot; i brojne njegove generacije mnogo vi\u0161e za sve ono \u0161to su dali banjolu\u010dkom i kraji\u0161kom fudbalu Republike Srpske od jednog skromnog turnira, ali smo se morali uklapati u sada\u0161nju situaciju &#8211; ka\u017ee Dani\u010di\u0107.<\/p>\n<p>Naravno, i ovog puta uz popularanog &quot;\u00aeelju&quot; stala je Adminstrativna slu\u017eba Grada Banja Luka, Ministarstvo za porodicu, omladinu i sport Vlade Republike Srpske, te brojni sponzori.<\/p>\n<p>&#8211; Bez pomo\u0107i gradske uprave, te resornog ministarstva ne bismo mogli organizovati turnir. Veoma smo im zahvalni zbog toga, a posebno smo sre\u0107ni \u0161to \u0107e ovo na\u0161u smotru otvoriti gradona\u010delnik Banje Luke, Dragoljub Davidovi\u0107, koji je mnogo uradio za sport na\u0161eg grada. Moram ista\u0107i i nesebi\u010dnu podr\u0161ku &quot;\u00aeeljinog&quot; velikog fudbalskog prijatelja Mla\u0111e Male\u0161evi\u0107a, koji mu svesrdno poma\u017ee ne samo sad, nego decenijama &#8211; istakao je Radovan Dani\u010di\u0107.<\/p>\n<p>Napomena: Tekst preuzet iz Fokusa<\/p>\n","protected":false},"excerpt":{"rendered":"<p> <img loading=\"lazy\" decoding=\"async\" width=\"136\" height=\"103\" align=\"left\" src=\"\/wp-content\/uploads\/articles_images\/20090806180646897_1.jpg\" alt=\"\"> U subotu i nedjelju (8. i 9. avgusta) banjolu\u010dki \u00aeeljezni\u010dar, najstariji klub u gradu (osnovan 1924, dok je mnogo poznatiji Borac formiran dvije godine kasnije), organizuje turnir povodom osam i po decenija uspje\u0161nog rada.<\/p>\n","protected":false},"author":74,"featured_media":0,"comment_status":"open","ping_status":"open","sticky":false,"template":"","format":"standard","meta":{"ngg_post_thumbnail":0,"footnotes":""},"categories":[7],"tags":[],"class_list":["post-1876","post","type-post","status-publish","format-standard","hentry","category-arhiv"],"_links":{"self":[{"href":"https:\/\/banjalukasport.com\/index.php?rest_route=\/wp\/v2\/posts\/1876","targetHints":{"allow":["GET"]}}],"collection":[{"href":"https:\/\/banjalukasport.com\/index.php?rest_route=\/wp\/v2\/posts"}],"about":[{"href":"https:\/\/banjalukasport.com\/index.php?rest_route=\/wp\/v2\/types\/post"}],"author":[{"embeddable":true,"href":"https:\/\/banjalukasport.com\/index.php?rest_route=\/wp\/v2\/users\/74"}],"replies":[{"embeddable":true,"href":"https:\/\/banjalukasport.com\/index.php?rest_route=%2Fwp%2Fv2%2Fcomments&post=1876"}],"version-history":[{"count":0,"href":"https:\/\/banjalukasport.com\/index.php?rest_route=\/wp\/v2\/posts\/1876\/revisions"}],"wp:attachment":[{"href":"https:\/\/banjalukasport.com\/index.php?rest_route=%2Fwp%2Fv2%2Fmedia&parent=1876"}],"wp:term":[{"taxonomy":"category","embeddable":true,"href":"https:\/\/banjalukasport.com\/index.php?rest_route=%2Fwp%2Fv2%2Fcategories&post=1876"},{"taxonomy":"post_tag","embeddable":true,"href":"https:\/\/banjalukasport.com\/index.php?rest_route=%2Fwp%2Fv2%2Ftags&post=1876"}],"curies":[{"name":"wp","href":"https:\/\/api.w.org\/{rel}","templated":true}]}}