{"id":1835,"date":"2009-07-02T06:30:00","date_gmt":"2009-07-02T06:30:00","guid":{"rendered":"https:\/\/banjalukasport.com\/?p=1835"},"modified":"2009-07-02T06:30:00","modified_gmt":"2009-07-02T06:30:00","slug":"fudbal-s-laktasima-na-premijeri","status":"publish","type":"post","link":"https:\/\/banjalukasport.com\/?p=1835","title":{"rendered":"FUDBAL: S Lakta\u0161ima na premijeri"},"content":{"rendered":"<p><img loading=\"lazy\" decoding=\"async\" width=\"113\" height=\"120\" align=\"left\" src=\"\/wp-content\/uploads\/articles_images\/20090702153035376_1.jpg\" alt=\"\"> Na fudbalskoj premijeri nove takmi\u010darske sezone Premijer lige BiH, 1. avgusta \u0107e u Lakta\u0161ima snage odmjeriti doma\u0107i istoimeni sastav i banjolu\u010dki Borac. Ovako je odlu\u010deno na izvla\u010denju takmi\u010darskih brojeva koje je ju\u010de odr\u017eano u Sarajevu. U minulom \u0161ampionatu oba rivala su slavili gostuju\u0107e pobjede, u jesenjem dijelu Lakta\u0161i su pobijedili na Gradskom stadionu s minimalnih 1:0, dok su Banjolu\u010dani trijumfovali u drugom susretu s glatkih, ali i zaslu\u017eenih 2:0.<\/p>\n<p>&#8211; Nema sumnje da \u0107e to biti veliki derbi, a na igra\u010dima je da to na terenu i opravdaju. Vjerujem da \u0107e na\u0161a ekipa maksimalno spremno do\u010dekati ne samo okr\u0161aj sa Borcem, ve\u0107 i kompletan jesenji dio novog takmi\u010darskog ciklusa &#8211; izjavio je Du\u0161ko Babi\u0107, prvi operativac fudbalskog premijerliga\u0161a BiH iz Lakta\u0161a.<\/p>\n<p>Na drugoj strani, u redovima premijerliga\u0161a sa Gradskog stadiona napominju da \u0107e ekipa biti spremna za megdan u Lakta\u0161ima.<\/p>\n<p>&#8211; Prvo, pa kom\u0161ijski derbi, u koji \u0107emo u\u0107i potpuno spremni. Po meni, oba rivala imaju podjednake \u0161anse, o\u010dekujem dobru fudbalsku predstavu, a neka pobijedi bolji. Ono \u0161to mogu da napomenem jeste da Lakta\u0161i ovog puta imaju bolji sastav, nego \u0161to je to bio slu\u010daj minulog prolje\u0107a &#8211; rekao je Damir \u00a9pica, direktor Fudalskog kluba Borac.<\/p>\n<p>Fudbaleri Borca me\u010d drugog kola (Leotar), kao i duel iz \u010detvrte runde, u kojem se sastaju sa \u00a9irokim Brijegom, zbog kazne zara\u0111ene zbog incidenta sa Slavijom iz pro\u0161log takmi\u010darskog ciklusa, odigra\u0107e bez prisustva gledalaca. Igra\u010di \u0107e podr\u0161ku s tribina imati tek u \u0161estom kolu, kada \u0107e do\u010dekati Zrinjski iz Mostara.<\/p>\n<p>Napomena:Tekst preuzet iz Fokusa<\/p>\n","protected":false},"excerpt":{"rendered":"<p><img loading=\"lazy\" decoding=\"async\" width=\"113\" height=\"120\" align=\"left\" src=\"\/wp-content\/uploads\/articles_images\/20090702153035376_1.jpg\" alt=\"\"> Na fudbalskoj premijeri nove takmi\u010darske sezone Premijer lige BiH, 1. avgusta \u0107e u Lakta\u0161ima snage odmjeriti doma\u0107i istoimeni sastav i banjolu\u010dki Borac.<\/p>\n","protected":false},"author":74,"featured_media":0,"comment_status":"open","ping_status":"open","sticky":false,"template":"","format":"standard","meta":{"ngg_post_thumbnail":0,"footnotes":""},"categories":[7],"tags":[],"class_list":["post-1835","post","type-post","status-publish","format-standard","hentry","category-arhiv"],"_links":{"self":[{"href":"https:\/\/banjalukasport.com\/index.php?rest_route=\/wp\/v2\/posts\/1835","targetHints":{"allow":["GET"]}}],"collection":[{"href":"https:\/\/banjalukasport.com\/index.php?rest_route=\/wp\/v2\/posts"}],"about":[{"href":"https:\/\/banjalukasport.com\/index.php?rest_route=\/wp\/v2\/types\/post"}],"author":[{"embeddable":true,"href":"https:\/\/banjalukasport.com\/index.php?rest_route=\/wp\/v2\/users\/74"}],"replies":[{"embeddable":true,"href":"https:\/\/banjalukasport.com\/index.php?rest_route=%2Fwp%2Fv2%2Fcomments&post=1835"}],"version-history":[{"count":0,"href":"https:\/\/banjalukasport.com\/index.php?rest_route=\/wp\/v2\/posts\/1835\/revisions"}],"wp:attachment":[{"href":"https:\/\/banjalukasport.com\/index.php?rest_route=%2Fwp%2Fv2%2Fmedia&parent=1835"}],"wp:term":[{"taxonomy":"category","embeddable":true,"href":"https:\/\/banjalukasport.com\/index.php?rest_route=%2Fwp%2Fv2%2Fcategories&post=1835"},{"taxonomy":"post_tag","embeddable":true,"href":"https:\/\/banjalukasport.com\/index.php?rest_route=%2Fwp%2Fv2%2Ftags&post=1835"}],"curies":[{"name":"wp","href":"https:\/\/api.w.org\/{rel}","templated":true}]}}