{"id":1641,"date":"2009-04-01T02:42:46","date_gmt":"2009-04-01T02:42:46","guid":{"rendered":"https:\/\/banjalukasport.com\/?p=1641"},"modified":"2009-04-01T02:42:46","modified_gmt":"2009-04-01T02:42:46","slug":"rukomet-nebojsa-golic-ponovo-u-borcu","status":"publish","type":"post","link":"https:\/\/banjalukasport.com\/?p=1641","title":{"rendered":"RUKOMET: Neboj\u0161a Goli\u0107 ponovo u Borcu"},"content":{"rendered":"<p><img loading=\"lazy\" decoding=\"async\" width=\"120\" height=\"109\" align=\"left\" src=\"\/wp-content\/uploads\/articles_images\/20090401114246132_1.jpg\" alt=\"\"> Neboj\u0161a Goli\u0107 vra\u0107a se u RK Borac od naredne sezone. Ovo je epilog dogovora sjajnog rukometa\u0161a i rukovodstva Borca. Goli\u0107 \u0107e do kraja sezone odraditi ugovor sa sarajevskom Bosom, a nakon toga \u0107e se, na op\u0161te iznena\u0111enje, vratiti u svoj mati\u010dni klub, u kojem je zapo\u010deo karijeru.<\/p>\n<p>&#8222;<i>Izgla\u0111eni su svi nesporazumi koji su nastali u prethodnom periodu. Neboj\u0161a Goli\u0107 vra\u0107a se u Borac i bi\u0107e oslonac kluba u svakom smislu. Nadamo se da je ovo po\u010detak vra\u0107anja banjalu\u010dkih rukometnih asova u klub.<\/i>&#8220; isti\u010de se u saop\u0161tenju RK Borac. <\/p>\n<p>Za sve posjetioce koji su se ponadali da \u0107e Goli\u0107 ponovo obu\u0107i crveno &#8211; plavi dres podsje\u0107anje da je danas 1. april &#8211; Svjetski dan \u0161ale tako da su i ova informacija i saop\u0161tenje RK Borac izmi\u0161ljeni.   <\/p>\n","protected":false},"excerpt":{"rendered":"<p><img loading=\"lazy\" decoding=\"async\" width=\"120\" height=\"109\" align=\"left\" src=\"\/wp-content\/uploads\/articles_images\/20090401114246132_1.jpg\" alt=\"\"> Neboj\u0161a Goli\u0107 vra\u0107a se u RK Borac od naredne sezone. Ovo je epilog dogovora sjajnog rukometa\u0161a i rukovodstva Borca.<\/p>\n","protected":false},"author":74,"featured_media":0,"comment_status":"open","ping_status":"open","sticky":false,"template":"","format":"standard","meta":{"ngg_post_thumbnail":0,"footnotes":""},"categories":[7],"tags":[],"class_list":["post-1641","post","type-post","status-publish","format-standard","hentry","category-arhiv"],"_links":{"self":[{"href":"https:\/\/banjalukasport.com\/index.php?rest_route=\/wp\/v2\/posts\/1641","targetHints":{"allow":["GET"]}}],"collection":[{"href":"https:\/\/banjalukasport.com\/index.php?rest_route=\/wp\/v2\/posts"}],"about":[{"href":"https:\/\/banjalukasport.com\/index.php?rest_route=\/wp\/v2\/types\/post"}],"author":[{"embeddable":true,"href":"https:\/\/banjalukasport.com\/index.php?rest_route=\/wp\/v2\/users\/74"}],"replies":[{"embeddable":true,"href":"https:\/\/banjalukasport.com\/index.php?rest_route=%2Fwp%2Fv2%2Fcomments&post=1641"}],"version-history":[{"count":0,"href":"https:\/\/banjalukasport.com\/index.php?rest_route=\/wp\/v2\/posts\/1641\/revisions"}],"wp:attachment":[{"href":"https:\/\/banjalukasport.com\/index.php?rest_route=%2Fwp%2Fv2%2Fmedia&parent=1641"}],"wp:term":[{"taxonomy":"category","embeddable":true,"href":"https:\/\/banjalukasport.com\/index.php?rest_route=%2Fwp%2Fv2%2Fcategories&post=1641"},{"taxonomy":"post_tag","embeddable":true,"href":"https:\/\/banjalukasport.com\/index.php?rest_route=%2Fwp%2Fv2%2Ftags&post=1641"}],"curies":[{"name":"wp","href":"https:\/\/api.w.org\/{rel}","templated":true}]}}