{"id":1639,"date":"2009-03-31T10:50:00","date_gmt":"2009-03-31T10:50:00","guid":{"rendered":"https:\/\/banjalukasport.com\/?p=1639"},"modified":"2009-03-31T10:50:00","modified_gmt":"2009-03-31T10:50:00","slug":"fudbal-pobijediti-za-miran-revans","status":"publish","type":"post","link":"https:\/\/banjalukasport.com\/?p=1639","title":{"rendered":"FUDBAL: Pobijediti za miran revan\u0161"},"content":{"rendered":"<p><img loading=\"lazy\" decoding=\"async\" width=\"113\" height=\"120\" align=\"left\" src=\"\/wp-content\/uploads\/articles_images\/20090331195005385_1.jpg\" alt=\"\"> Banjalu\u010dki premijerliga\u0161 na Gradskom stadionu od 15.30 \u010dasova ugosti\u0107e Sutjesku iz Fo\u010de u prvom me\u010du polufinala Kupa Republike Srpske. Iako u ovaj duel ulaze kao veliki favoriti, \u0161ef Stru\u010dnog \u0161taba Banjolu\u010dana, Vlado Jagodi\u0107, isti\u010de da rival iz Fo\u010de nije ekipa za potcjenjivanje i da njegov tim u ovaj susret ulazi maksimalno ozbiljno.<\/p>\n<p>&#8211; Moramo biti oprezni, imaju\u0107i u vidu da nam za tri dana dolazi veoma bitna utakmica sa Sarajevom na Ko\u0161evu. Me\u0111utim, cilj je finale Kupa i ne bje\u017eimo od uloge favorita. Tra\u017ei\u0107emo aktivan rezultat kako bi mirnije putovali na revan\u0161, jer ne treba zaboraviti da i poslije me\u010da u Fo\u010di imamo veoma va\u017enu utakmicu s tuzlanskom Slobodom &#8211; ka\u017ee Jagodi\u0107, dodaju\u0107i da ima kadrovskih problema pred dana\u0161nji duel.<\/p>\n<p>Van stroja su Stojan Vranje\u0161 i Darko Ljubojevi\u0107, koji su po\u010detkom sedmice po\u010deli s laganim treninzima, ali osje\u0107aju posljedice viroze i temperature, koja ih je dr\u017eala pro\u0161lu nedjelju. Mladi Branko Ojdani\u0107 zadobio je prelom nosa na me\u010du juniorskih ekipa Borca i Modri\u010da Maksime, a Ognjen Kremenovi\u0107 nema pravo nastupa, jer je jesenas u Kupu Srpske nosio dres trnske Sloge.<\/p>\n<p>&#8211; Vra\u0107am se na ranije izre\u010denu konstataciju da Borac na raspolaganju ima 25 igra\u010da koji mogu iznijeti teret sezone. Mislim da je tu na\u0161a prednost u odnosu na rivale u Premijer ligi, a pogotovo u takmi\u010denju Srpske. Manje je va\u017eno ko \u0107e istr\u010dati na teren, bitno je kakav \u0107e pristup imati. Kada je pravi, Borac se ne pla\u0161i nijednog rivala, pa ni Sutjeske &#8211; dodao je Vlado Jagodi\u0107.<\/p>\n<p>S druge strane, Obren Vuki\u010devi\u0107, strateg Fo\u010daka, isti\u010de da njegov tim u najve\u0107i grad Srpske ne dolazi s bijelom zastavom.<\/p>\n<p>&#8211; Pobjeda nad Ljubi\u0107em dala nam je dodatno samopouzdanje pred dvome\u010d s Borcem. Poku\u0161a\u0107emo da ve\u0107 u srijedu u Banjoj Luci ostvarimo rezultat koji bi nas odveo u finale na\u0161eg najmasovnijeg takmi\u010denja. Znamo ko je favorit, ali isto tako znamo da Kup \u010desto donosi iznena\u0111enja, a mi smo spremni za jedno od njih &#8211; ka\u017ee Obren Vuki\u010devi\u0107.<\/p>\n<p><b>Napomena<\/b>:Tekst preuzet iz Fokusa<\/p>\n","protected":false},"excerpt":{"rendered":"<p><img loading=\"lazy\" decoding=\"async\" width=\"113\" height=\"120\" align=\"left\" src=\"\/wp-content\/uploads\/articles_images\/20090331195005385_1.jpg\" alt=\"\"> Banjalu\u010dki premijerliga\u0161 na Gradskom stadionu od 15.30 \u010dasova ugosti\u0107e Sutjesku iz Fo\u010de u prvom me\u010du polufinala Kupa Republike Srpske.<\/p>\n","protected":false},"author":74,"featured_media":0,"comment_status":"open","ping_status":"open","sticky":false,"template":"","format":"standard","meta":{"ngg_post_thumbnail":0,"footnotes":""},"categories":[7],"tags":[],"class_list":["post-1639","post","type-post","status-publish","format-standard","hentry","category-arhiv"],"_links":{"self":[{"href":"https:\/\/banjalukasport.com\/index.php?rest_route=\/wp\/v2\/posts\/1639","targetHints":{"allow":["GET"]}}],"collection":[{"href":"https:\/\/banjalukasport.com\/index.php?rest_route=\/wp\/v2\/posts"}],"about":[{"href":"https:\/\/banjalukasport.com\/index.php?rest_route=\/wp\/v2\/types\/post"}],"author":[{"embeddable":true,"href":"https:\/\/banjalukasport.com\/index.php?rest_route=\/wp\/v2\/users\/74"}],"replies":[{"embeddable":true,"href":"https:\/\/banjalukasport.com\/index.php?rest_route=%2Fwp%2Fv2%2Fcomments&post=1639"}],"version-history":[{"count":0,"href":"https:\/\/banjalukasport.com\/index.php?rest_route=\/wp\/v2\/posts\/1639\/revisions"}],"wp:attachment":[{"href":"https:\/\/banjalukasport.com\/index.php?rest_route=%2Fwp%2Fv2%2Fmedia&parent=1639"}],"wp:term":[{"taxonomy":"category","embeddable":true,"href":"https:\/\/banjalukasport.com\/index.php?rest_route=%2Fwp%2Fv2%2Fcategories&post=1639"},{"taxonomy":"post_tag","embeddable":true,"href":"https:\/\/banjalukasport.com\/index.php?rest_route=%2Fwp%2Fv2%2Ftags&post=1639"}],"curies":[{"name":"wp","href":"https:\/\/api.w.org\/{rel}","templated":true}]}}