{"id":1329,"date":"2008-12-01T05:36:44","date_gmt":"2008-12-01T05:36:44","guid":{"rendered":"https:\/\/banjalukasport.com\/?p=1329"},"modified":"2008-12-01T05:36:44","modified_gmt":"2008-12-01T05:36:44","slug":"fudbal-odlazi-vukelja-ljubojevic-na-pragu-povratka","status":"publish","type":"post","link":"https:\/\/banjalukasport.com\/?p=1329","title":{"rendered":"FUDBAL: Odlazi Vukelja, Ljubojevi\u0107 na pragu povratka ?"},"content":{"rendered":"<p> <img loading=\"lazy\" decoding=\"async\" width=\"113\" height=\"120\" align=\"left\" src=\"\/wp-content\/uploads\/articles_images\/20081201143644789_1.jpg\" alt=\"\"> Trener FK Borac, Vlado Jagodi\u0107, pred kraj polusezone najavio je promjene u igra\u010dkom kadru. Sa pojedinim igra\u010dima, koji nisu ispunili o\u010dekivanja, bi\u0107e raskinuta saradnja, a sprema se i dolazak nekoliko poja\u010danja.  I dok banjalu\u010dka javnost i dalje bruji o bojkotu igra\u010da prvog tima, te kaznama za \u00a9picu, Jagodi\u0107a i Jandri\u0107a polako se po\u010dinju ispostavljati ta\u010dnim naga\u0111anja da \u0107e ovo biti buran prelazni rok na Gradskom stadionu.<\/p>\n<p>Nezavisne novine prenose da \u0107e rukovodstvo Borca zahvaliti na saradnji tandemu iz Srbije, Vladi Markovi\u0107u i Ljubi\u0161i Vukelji, koji su imali skroman u\u010dinak.<\/p>\n<p>Nezvani\u010dno saznajemo da je na pragu povratak me\u0111u crveno &#8211; plave biv\u0161eg fudbalera Borca, Darka Ljubojevi\u0107a, koji trenutno nosi dres Lakta\u0161a. Ova informacija jo\u0161 uvijek je  neprovjerena, ali posljednji znaci govore da bi odli\u010dni fudaler od januara mogao ponovo da predvodi Borac.  <\/p>\n","protected":false},"excerpt":{"rendered":"<p> <img loading=\"lazy\" decoding=\"async\" width=\"113\" height=\"120\" align=\"left\" src=\"\/wp-content\/uploads\/articles_images\/20081201143644789_1.jpg\" alt=\"\"> Trener FK Borac, Vlado Jagodi\u0107, pred kraj polusezone najavio je promjene u igra\u010dkom kadru. Sa pojedinim igra\u010dima, koji nisu ispunili o\u010dekivanja, bi\u0107e raskinuta saradnja, a sprema se i dolazak nekoliko poja\u010danja. <\/p>\n","protected":false},"author":74,"featured_media":0,"comment_status":"open","ping_status":"open","sticky":false,"template":"","format":"standard","meta":{"ngg_post_thumbnail":0,"footnotes":""},"categories":[7],"tags":[],"class_list":["post-1329","post","type-post","status-publish","format-standard","hentry","category-arhiv"],"_links":{"self":[{"href":"https:\/\/banjalukasport.com\/index.php?rest_route=\/wp\/v2\/posts\/1329","targetHints":{"allow":["GET"]}}],"collection":[{"href":"https:\/\/banjalukasport.com\/index.php?rest_route=\/wp\/v2\/posts"}],"about":[{"href":"https:\/\/banjalukasport.com\/index.php?rest_route=\/wp\/v2\/types\/post"}],"author":[{"embeddable":true,"href":"https:\/\/banjalukasport.com\/index.php?rest_route=\/wp\/v2\/users\/74"}],"replies":[{"embeddable":true,"href":"https:\/\/banjalukasport.com\/index.php?rest_route=%2Fwp%2Fv2%2Fcomments&post=1329"}],"version-history":[{"count":0,"href":"https:\/\/banjalukasport.com\/index.php?rest_route=\/wp\/v2\/posts\/1329\/revisions"}],"wp:attachment":[{"href":"https:\/\/banjalukasport.com\/index.php?rest_route=%2Fwp%2Fv2%2Fmedia&parent=1329"}],"wp:term":[{"taxonomy":"category","embeddable":true,"href":"https:\/\/banjalukasport.com\/index.php?rest_route=%2Fwp%2Fv2%2Fcategories&post=1329"},{"taxonomy":"post_tag","embeddable":true,"href":"https:\/\/banjalukasport.com\/index.php?rest_route=%2Fwp%2Fv2%2Ftags&post=1329"}],"curies":[{"name":"wp","href":"https:\/\/api.w.org\/{rel}","templated":true}]}}