{"id":1326,"date":"2008-11-30T16:11:52","date_gmt":"2008-11-30T16:11:52","guid":{"rendered":"https:\/\/banjalukasport.com\/?p=1326"},"modified":"2008-11-30T16:11:52","modified_gmt":"2008-11-30T16:11:52","slug":"fudbal-ogledalo-kluba","status":"publish","type":"post","link":"https:\/\/banjalukasport.com\/?p=1326","title":{"rendered":"FUDBAL: Ogledalo kluba"},"content":{"rendered":"<p><img loading=\"lazy\" decoding=\"async\" width=\"113\" height=\"120\" align=\"left\" src=\"\/wp-content\/uploads\/articles_images\/20081201011152434_1.jpg\" alt=\"\"> Fudbalski klub Borac nikako da krene stopama napretka. Osvajanje 10. mjesta nakon jesenjeg dijela Premijer lige BiH vi\u0161e je nego skroman u\u010dinak. Uz to kraj sezone obilje\u017eilo je napu\u0161tanje fudbalera prvog tima sa sve\u010dane ve\u010dere, a potom i kazne od strane predsjednika kluba, Janjetovi\u0107a.  Nakon \u0161to igra\u010di prvog tima, zbog neispla\u0107enih plata za mjesec oktobara, nisu do\u0161li na zajedni\u010dko dru\u017eenje, prvi \u010dovjek Borca Milorad Janjetovi\u0107, kaznio je je trenera Jagodi\u0107a, direktora \u00a9picu i kapitena Jandri\u0107a oduzimanjem jedne plate. Predsjednik kluba smatra da je nedopustivo da trojica pomenutih \u010dlanova Borca nisu bili upoznati sa posljednjim de\u0161avanjima i namjerama igra\u010da. <\/p>\n<p>&#8222;<i>U me\u0111uvremenu formirana je pravna komisija koja ima zadatak da ispita \u0161ta se sve de\u0161avalo u klubu, od sporne ve\u010dere, pa do mnogobrojnih \u010dar\u0161ijskih pri\u010da koje kru\u017ee. Status Jagodi\u0107a i \u00a9pice tako\u0111e je stavljen pod lupu, a komisija \u0107e utvrditi koliko su oni doprinijeli ovom \u0161to se dogodilo. Nedopustivo je da njih dvojica ne znaju \u0161ta im se de\u0161ava u svla\u010dionici i da ne sprije\u010de onakvu reakciju igra\u010da. Upravo od njih dvojice, ukoliko misle da nastave zapo\u010deti posao, tra\u017ei\u0107u da iza\u0111u s imenima kolovo\u0111a bunta. Ja ih ve\u0107 imam, ali o\u010dekujem da i oni zauzmu \u010dvrst kurs i pojedincima stave to do znanja.<\/i>&#8221; istakao je za Fokus Janjetovi\u0107. <\/p>\n<p>Predsjednik Janjetovi\u0107 najavio je isplatu pomenutih iznosa u narednih nekoliko dana, ali isto tako i \u010distku u klubu, prije svega buntovnika. <\/p>\n<p>Vra\u0107amo se mi na\u0161oj dilemi s po\u010detka teksta o formiranju stabilnog Borca. \u010dini se da je Janjetovi\u0107 me\u0111u rijetkima u Banjaluci koji je uvjeren u ostvarenje tog cilja.<\/p>\n<p>&#8220;<i>Na\u0161 stav je da Borac ide krupnim koracima naprijed i podmetanje klipova u to\u010dkove od strane pojedinaca ne\u0107e nas zaustaviti na tom putu. Stvorili smo ambijent da nam mnogi pozavide, na\u0161 cilje jeste da okupimo \u0161to vi\u0161e Banjolu\u010dana u klub i polusezona koja je pred nama poslu\u017ei\u0107e u tu svrhu. Obe\u0107ao sam evropski Borac i nema te sile koja \u0107e nas na tom putu zaustaviti.<\/i>&#8221; zaklju\u010dio je Milorad Janjetovi\u0107, prvi \u010dovjek kluba sa Gradskog stadiona. <\/p>\n<p>Zaista, tu\u017eno da ne mo\u017ee biti tu\u017enije. Umjesto da se sada pravi zdrava osnova u klubu za predstoje\u0107e sezone, Borac potresaju novi problemi. O\u010digledno crveno &#8211; plave i na prolje\u0107e o\u010dekuju te\u0161ki dani, nadamo se, ne samo borba za opstanak.  <\/p>\n","protected":false},"excerpt":{"rendered":"<p><img loading=\"lazy\" decoding=\"async\" width=\"113\" height=\"120\" align=\"left\" src=\"\/wp-content\/uploads\/articles_images\/20081201011152434_1.jpg\" alt=\"\"> Fudbalski klub Borac nikako da krene stopama napretka. Osvajanje 10. mjesta nakon jesenjeg dijela Premijer lige BiH vi\u0161e je nego skroman u\u010dinak. Uz to kraj sezone obilje\u017eilo je napu\u0161tanje fudbalera prvog tima sa sve\u010dane ve\u010dere, a potom i kazne od strane predsjednika kluba, Janjetovi\u0107a. <\/p>\n","protected":false},"author":74,"featured_media":0,"comment_status":"open","ping_status":"open","sticky":false,"template":"","format":"standard","meta":{"ngg_post_thumbnail":0,"footnotes":""},"categories":[7],"tags":[],"class_list":["post-1326","post","type-post","status-publish","format-standard","hentry","category-arhiv"],"_links":{"self":[{"href":"https:\/\/banjalukasport.com\/index.php?rest_route=\/wp\/v2\/posts\/1326","targetHints":{"allow":["GET"]}}],"collection":[{"href":"https:\/\/banjalukasport.com\/index.php?rest_route=\/wp\/v2\/posts"}],"about":[{"href":"https:\/\/banjalukasport.com\/index.php?rest_route=\/wp\/v2\/types\/post"}],"author":[{"embeddable":true,"href":"https:\/\/banjalukasport.com\/index.php?rest_route=\/wp\/v2\/users\/74"}],"replies":[{"embeddable":true,"href":"https:\/\/banjalukasport.com\/index.php?rest_route=%2Fwp%2Fv2%2Fcomments&post=1326"}],"version-history":[{"count":0,"href":"https:\/\/banjalukasport.com\/index.php?rest_route=\/wp\/v2\/posts\/1326\/revisions"}],"wp:attachment":[{"href":"https:\/\/banjalukasport.com\/index.php?rest_route=%2Fwp%2Fv2%2Fmedia&parent=1326"}],"wp:term":[{"taxonomy":"category","embeddable":true,"href":"https:\/\/banjalukasport.com\/index.php?rest_route=%2Fwp%2Fv2%2Fcategories&post=1326"},{"taxonomy":"post_tag","embeddable":true,"href":"https:\/\/banjalukasport.com\/index.php?rest_route=%2Fwp%2Fv2%2Ftags&post=1326"}],"curies":[{"name":"wp","href":"https:\/\/api.w.org\/{rel}","templated":true}]}}