{"id":1288,"date":"2008-12-02T03:00:28","date_gmt":"2008-12-02T03:00:28","guid":{"rendered":"https:\/\/banjalukasport.com\/?p=1288"},"modified":"2008-12-02T03:00:28","modified_gmt":"2008-12-02T03:00:28","slug":"fudbal-plate-borcevaca-vece-i-od-premijera-rs-kaze-janjetovic","status":"publish","type":"post","link":"https:\/\/banjalukasport.com\/?p=1288","title":{"rendered":"FUDBAL: Plate Bor\u010devaca ve\u0107e i od premijera RS &#8211; ka\u017ee Janjetovi\u0107"},"content":{"rendered":"<p><img loading=\"lazy\" decoding=\"async\" width=\"113\" height=\"120\" align=\"left\" src=\"\/wp-content\/uploads\/articles_images\/20081202120028895_1.jpg\" alt=\"\"> U Borcu se polako sti\u0161ava bura oko bojkota fudbalera prvog tima zajedni\u010dkog ru\u010dka. Predsjednik kluba, Milorad Janjetovi\u0107, istrajan je u namjeri da iskorijeni buntovnike, a trener Vlado Jagodi\u0107 prihvatio je odgovornost.  Jagodi\u0107 je izjavio da je zajedno sa direktorom i kapitenom odgovoran za postupak igra\u010da i naveo da su igra\u010di pitali njega za savjet da to nikada ne bi napravili. <\/p>\n<p>Interesantna je i izjava predsjednika Borca o primanjima fudbalera Borca.<\/p>\n<p>&#8222;<i>Kada se sve sabere, prvotimci Borca imaju ve\u0107a primanja nego premijer Vlade Republike Srpske. Plate im se redovno ispla\u0107uju, a posljednja kasni nekih 12 dana, samo zbog redovne procedure kroz koju mora pro\u0107i. <\/i>&#8220;, izjavio je za Fokus, Milorad Janjetovi\u0107.<\/p>\n<p>Na kraju, jo\u0161 jednom ponavljamo: ovo je ogledalo kluba koji je trenutno na desetom mjestu na tabeli premijer ligi BiH i daleko od nastupa u evrokupovima. <\/p>\n","protected":false},"excerpt":{"rendered":"<p><img loading=\"lazy\" decoding=\"async\" width=\"113\" height=\"120\" align=\"left\" src=\"\/wp-content\/uploads\/articles_images\/20081202120028895_1.jpg\" alt=\"\"> U Borcu se polako sti\u0161ava bura oko bojkota fudbalera prvog tima zajedni\u010dkog ru\u010dka. Predsjednik kluba, Milorad Janjetovi\u0107, istrajan je u namjeri da iskorijeni buntovnike, a trener Vlado Jagodi\u0107 prihvatio je odgovornost. <\/p>\n","protected":false},"author":74,"featured_media":0,"comment_status":"open","ping_status":"open","sticky":false,"template":"","format":"standard","meta":{"ngg_post_thumbnail":0,"footnotes":""},"categories":[7],"tags":[],"class_list":["post-1288","post","type-post","status-publish","format-standard","hentry","category-arhiv"],"_links":{"self":[{"href":"https:\/\/banjalukasport.com\/index.php?rest_route=\/wp\/v2\/posts\/1288","targetHints":{"allow":["GET"]}}],"collection":[{"href":"https:\/\/banjalukasport.com\/index.php?rest_route=\/wp\/v2\/posts"}],"about":[{"href":"https:\/\/banjalukasport.com\/index.php?rest_route=\/wp\/v2\/types\/post"}],"author":[{"embeddable":true,"href":"https:\/\/banjalukasport.com\/index.php?rest_route=\/wp\/v2\/users\/74"}],"replies":[{"embeddable":true,"href":"https:\/\/banjalukasport.com\/index.php?rest_route=%2Fwp%2Fv2%2Fcomments&post=1288"}],"version-history":[{"count":0,"href":"https:\/\/banjalukasport.com\/index.php?rest_route=\/wp\/v2\/posts\/1288\/revisions"}],"wp:attachment":[{"href":"https:\/\/banjalukasport.com\/index.php?rest_route=%2Fwp%2Fv2%2Fmedia&parent=1288"}],"wp:term":[{"taxonomy":"category","embeddable":true,"href":"https:\/\/banjalukasport.com\/index.php?rest_route=%2Fwp%2Fv2%2Fcategories&post=1288"},{"taxonomy":"post_tag","embeddable":true,"href":"https:\/\/banjalukasport.com\/index.php?rest_route=%2Fwp%2Fv2%2Ftags&post=1288"}],"curies":[{"name":"wp","href":"https:\/\/api.w.org\/{rel}","templated":true}]}}